{"id":698,"date":"2020-07-17T11:22:13","date_gmt":"2020-07-17T14:22:13","guid":{"rendered":"https:\/\/cordierinvestimentos.com.br\/?p=698"},"modified":"2020-07-17T11:22:13","modified_gmt":"2020-07-17T14:22:13","slug":"interferencias-da-pandemia-no-mercado-financeiro-mundial","status":"publish","type":"post","link":"https:\/\/www.cordierinvestimentos.com.br\/blog\/semcategoria\/interferencias-da-pandemia-no-mercado-financeiro-mundial\/","title":{"rendered":"Interfer\u00eancias da pandemia no mercado financeiro mundial"},"content":{"rendered":"\t\t<div data-elementor-type=\"wp-post\" data-elementor-id=\"698\" class=\"elementor elementor-698\" data-elementor-settings=\"[]\">\n\t\t\t\t\t\t<div class=\"elementor-inner\">\n\t\t\t\t\t\t\t<div class=\"elementor-section-wrap\">\n\t\t\t\t\t\t\t<section class=\"elementor-section elementor-top-section elementor-element elementor-element-2f25a251 elementor-section-boxed elementor-section-height-default elementor-section-height-default\" data-id=\"2f25a251\" data-element_type=\"section\">\n\t\t\t\t\t\t<div class=\"elementor-container elementor-column-gap-default\">\n\t\t\t\t\t\t\t<div class=\"elementor-row\">\n\t\t\t\t\t<div class=\"elementor-column elementor-col-100 elementor-top-column elementor-element elementor-element-46320c70\" data-id=\"46320c70\" data-element_type=\"column\">\n\t\t\t<div class=\"elementor-column-wrap elementor-element-populated\">\n\t\t\t\t\t\t\t<div class=\"elementor-widget-wrap\">\n\t\t\t\t\t\t<div class=\"elementor-element elementor-element-3c3a1102 elementor-widget elementor-widget-text-editor\" data-id=\"3c3a1102\" data-element_type=\"widget\" data-widget_type=\"text-editor.default\">\n\t\t\t\t<div class=\"elementor-widget-container\">\n\t\t\t\t\t\t\t\t<div class=\"elementor-text-editor elementor-clearfix\">\n\t\t\t\t<!-- wp:paragraph --><!-- \/wp:paragraph --><!-- wp:paragraph -->\n<p>Que a pandemia instaurada mundialmente, por conta da COVID-19, afetou a rotina do mercado e a evolu\u00e7\u00e3o de diversos neg\u00f3cios j\u00e1 em andamento, \u00e9 do conhecimento de todos.<\/p>\n<!-- \/wp:paragraph --><!-- wp:paragraph -->\n<p>O cen\u00e1rio atual interfere em diferentes camadas de um mesmo ciclo, dos empreendedores aos investidores. Personas estas que usualmente caminham juntas rumo ao \u00eaxito, mas que tamb\u00e9m compartilham altos e baixos.<\/p>\n<!-- \/wp:paragraph --><!-- wp:paragraph -->\n<p>E essa montanha-russa \u00e9 justamente o que a exist\u00eancia da pandemia sedimenta. No dia 13 de julho, por exemplo, ap\u00f3s an\u00fancio das companhias Pfizer e BioNTech, divulgando autoriza\u00e7\u00e3o do \u00f3rg\u00e3o regulador FDA (a ANVISA dos EUA), na acelera\u00e7\u00e3o da produ\u00e7\u00e3o de duas vacinas (sendo essas, fortes candidatas ao tratamento da Covid-19), os \u00edndices do mercado no exterior se elevaram, mesmo com o petr\u00f3leo, na mesma data, j\u00e1 come\u00e7ando negativo.<\/p>\n<!-- \/wp:paragraph --><!-- wp:paragraph --><!-- \/wp:paragraph --><!-- wp:paragraph -->\n<p>A not\u00edcia de que a produ\u00e7\u00e3o das vacinas segue em est\u00e1gio avan\u00e7ado, ainda veio com o adendo que as empresas parceiras, Pfizer e BioNTech, pretendem produzir 100 milh\u00f5es de doses ainda em 2020, e 1 bilh\u00e3o at\u00e9 o final de 2021, assim que oficialmente validadas.<\/p>\n<!-- \/wp:paragraph --><!-- wp:paragraph -->\n<p>Mesmo diante deste an\u00fancio, e a influ\u00eancia positiva do mesmo, estados dos EUA, como Fl\u00f3rida e Calif\u00f3rnia, anunciam congru\u00eancia ao analisarem novo recuo no afrouxamento do isolamento social, propondo novo per\u00edodo de fechamento, uma vez que seus \u00edndices de casos t\u00eam batido recordes nesta primeira quinzena de julho.<\/p>\n<!-- \/wp:paragraph --><!-- wp:paragraph -->\n<p>\u00a0A previs\u00e3o, conforme informa\u00e7\u00f5es dos oficiais da \u00e1rea da sa\u00fade do governo Trump, \u00e9 de que as drugmakers (gigantes farmac\u00eauticas), deem in\u00edcio a produ\u00e7\u00e3o oficial de vacinas no final do ver\u00e3o, o que pode equilibrar os \u00e2nimos do mercado no exterior.<\/p>\n<!-- \/wp:paragraph --><!-- wp:paragraph -->\n<p>Mas, at\u00e9 a vacina ser liberada, como prosseguir com seus investimentos?<\/p>\n<!-- \/wp:paragraph --><!-- wp:paragraph -->\n<p>\u00a0<\/p>\n<p><strong>Olho no detalhe!<\/strong><\/p>\n<!-- \/wp:paragraph --><!-- wp:paragraph -->\n<p>Por um contexto pr\u00e9-existente, e agora tamb\u00e9m por conta da influ\u00eancia da COVID-19, o olhar minucioso e atento de investidores sob neg\u00f3cios que prezam por boas pr\u00e1ticas sociais, ambientais e de governan\u00e7a, cresce de forma acelerada.<\/p>\n<!-- \/wp:paragraph --><!-- wp:paragraph -->\n<p>A Pandemia n\u00e3o s\u00f3 ir\u00e1, como j\u00e1 impactou a condu\u00e7\u00e3o e direcionamento de investimentos ao redor de todo o mundo.<\/p>\n<!-- \/wp:paragraph --><!-- wp:paragraph -->\n<p>Um lado positivo extra\u00eddo de toda essa movimenta\u00e7\u00e3o \u00e9 o fato de empresas, e at\u00e9 mesmo o p\u00fablico final, passarem a olhar para o \u00edndice ESG com mais cautela e aten\u00e7\u00e3o, priorizando-o ainda mais em sua estrat\u00e9gia de neg\u00f3cio, sobreviv\u00eancia e, claro, consumo.<\/p>\n<!-- \/wp:paragraph --><!-- wp:paragraph -->\n<p>\u00a0<\/p>\n<p><strong>Higieniza\u00e7\u00e3o mesmo na hora de investir<\/strong><\/p>\n<!-- \/wp:paragraph --><!-- wp:paragraph -->\n<p>Entre as interfer\u00eancias e efeitos causados pela pandemia, a aten\u00e7\u00e3o na hora de investir passa a valer ainda mais, quando o assunto \u00e9 aliar seus investimentos a iniciativas respons\u00e1veis e que caminhem dentro das premissas \u00e9ticas e sanit\u00e1rias essenciais.<\/p>\n<!-- \/wp:paragraph --><!-- wp:paragraph -->\n<p>Se antes mesmo deste quadro pand\u00eamico, esta min\u00facia j\u00e1 era importante, o cen\u00e1rio atual exige restri\u00e7\u00e3o ainda maior de movimenta\u00e7\u00e3o.<\/p>\n<!-- \/wp:paragraph --><!-- wp:paragraph -->\n<p>Investir em empresas que estejam alinhadas \u00e0s necessidades e condi\u00e7\u00f5es atuais, de cunho urgente, far\u00e1 seu dinheiro n\u00e3o s\u00f3 ter mais chances de prosperar, mas tamb\u00e9m fazer parte de um ecossistema saud\u00e1vel, que contribui com o desenvolvimento n\u00e3o s\u00f3 dos neg\u00f3cios em que voc\u00ea investe, mas, com o bem-estar do pr\u00f3ximo.<\/p>\n<!-- \/wp:paragraph -->\t\t\t\t\t<\/div>\n\t\t\t\t\t\t<\/div>\n\t\t\t\t<\/div>\n\t\t\t\t\t\t<\/div>\n\t\t\t\t\t<\/div>\n\t\t<\/div>\n\t\t\t\t\t\t\t\t<\/div>\n\t\t\t\t\t<\/div>\n\t\t<\/section>\n\t\t\t\t\t\t<\/div>\n\t\t\t\t\t\t<\/div>\n\t\t\t\t\t<\/div>\n\t\t","protected":false},"excerpt":{"rendered":"<p>Que a pandemia instaurada mundialmente, por conta da COVID-19, afetou a rotina do mercado e a evolu\u00e7\u00e3o de diversos neg\u00f3cios j\u00e1 em andamento, \u00e9 do conhecimento de todos. O cen\u00e1rio atual interfere em diferentes camadas de um mesmo ciclo, dos empreendedores aos investidores. Personas estas que usualmente caminham juntas rumo ao \u00eaxito, mas que tamb\u00e9m [&hellip;]<\/p>\n","protected":false},"author":2,"featured_media":722,"comment_status":"closed","ping_status":"closed","sticky":false,"template":"","format":"standard","meta":{"om_disable_all_campaigns":false,"_mi_skip_tracking":false,"_monsterinsights_skip_tracking":false,"_monsterinsights_sitenote_active":false,"_monsterinsights_sitenote_note":"","_monsterinsights_sitenote_category":0},"categories":[1],"tags":[],"aioseo_notices":[],"yoast_head":"<!-- This site is optimized with the Yoast SEO plugin v19.7.2 - https:\/\/yoast.com\/wordpress\/plugins\/seo\/ -->\n<title>Interfer\u00eancias da pandemia no mercado financeiro mundial - Conte\u00fado para Investidores<\/title>\n<meta name=\"robots\" content=\"index, follow, max-snippet:-1, max-image-preview:large, max-video-preview:-1\" \/>\n<link rel=\"canonical\" href=\"https:\/\/www.cordierinvestimentos.com.br\/blog\/semcategoria\/interferencias-da-pandemia-no-mercado-financeiro-mundial\/\" \/>\n<meta property=\"og:locale\" content=\"pt_BR\" \/>\n<meta property=\"og:type\" content=\"article\" \/>\n<meta property=\"og:title\" content=\"Interfer\u00eancias da pandemia no mercado financeiro mundial - Conte\u00fado para Investidores\" \/>\n<meta property=\"og:description\" content=\"Que a pandemia instaurada mundialmente, por conta da COVID-19, afetou a rotina do mercado e a evolu\u00e7\u00e3o de diversos neg\u00f3cios j\u00e1 em andamento, \u00e9 do conhecimento de todos. O cen\u00e1rio atual interfere em diferentes camadas de um mesmo ciclo, dos empreendedores aos investidores. Personas estas que usualmente caminham juntas rumo ao \u00eaxito, mas que tamb\u00e9m [&hellip;]\" \/>\n<meta property=\"og:url\" content=\"https:\/\/www.cordierinvestimentos.com.br\/blog\/semcategoria\/interferencias-da-pandemia-no-mercado-financeiro-mundial\/\" \/>\n<meta property=\"og:site_name\" content=\"Conte\u00fado para Investidores\" \/>\n<meta property=\"article:published_time\" content=\"2020-07-17T14:22:13+00:00\" \/>\n<meta name=\"author\" content=\"Pablo Pi\u00f1uelo\" \/>\n<meta name=\"twitter:card\" content=\"summary_large_image\" \/>\n<meta name=\"twitter:label1\" content=\"Escrito por\" \/>\n\t<meta name=\"twitter:data1\" content=\"Pablo Pi\u00f1uelo\" \/>\n\t<meta name=\"twitter:label2\" content=\"Est. tempo de leitura\" \/>\n\t<meta name=\"twitter:data2\" content=\"3 minutos\" \/>\n<script type=\"application\/ld+json\" class=\"yoast-schema-graph\">{\"@context\":\"https:\/\/schema.org\",\"@graph\":[{\"@type\":\"WebPage\",\"@id\":\"https:\/\/www.cordierinvestimentos.com.br\/blog\/semcategoria\/interferencias-da-pandemia-no-mercado-financeiro-mundial\/\",\"url\":\"https:\/\/www.cordierinvestimentos.com.br\/blog\/semcategoria\/interferencias-da-pandemia-no-mercado-financeiro-mundial\/\",\"name\":\"Interfer\u00eancias da pandemia no mercado financeiro mundial - Conte\u00fado para Investidores\",\"isPartOf\":{\"@id\":\"https:\/\/www.cordierinvestimentos.com.br\/blog\/#website\"},\"datePublished\":\"2020-07-17T14:22:13+00:00\",\"dateModified\":\"2020-07-17T14:22:13+00:00\",\"author\":{\"@id\":\"https:\/\/www.cordierinvestimentos.com.br\/blog\/#\/schema\/person\/e97e2fc818b5d2b7ead9a3085d09b9dd\"},\"breadcrumb\":{\"@id\":\"https:\/\/www.cordierinvestimentos.com.br\/blog\/semcategoria\/interferencias-da-pandemia-no-mercado-financeiro-mundial\/#breadcrumb\"},\"inLanguage\":\"pt-BR\",\"potentialAction\":[{\"@type\":\"ReadAction\",\"target\":[\"https:\/\/www.cordierinvestimentos.com.br\/blog\/semcategoria\/interferencias-da-pandemia-no-mercado-financeiro-mundial\/\"]}]},{\"@type\":\"BreadcrumbList\",\"@id\":\"https:\/\/www.cordierinvestimentos.com.br\/blog\/semcategoria\/interferencias-da-pandemia-no-mercado-financeiro-mundial\/#breadcrumb\",\"itemListElement\":[{\"@type\":\"ListItem\",\"position\":1,\"name\":\"In\u00edcio\",\"item\":\"https:\/\/www.cordierinvestimentos.com.br\/blog\/\"},{\"@type\":\"ListItem\",\"position\":2,\"name\":\"Interfer\u00eancias da pandemia no mercado financeiro mundial\"}]},{\"@type\":\"WebSite\",\"@id\":\"https:\/\/www.cordierinvestimentos.com.br\/blog\/#website\",\"url\":\"https:\/\/www.cordierinvestimentos.com.br\/blog\/\",\"name\":\"Conte\u00fado para Investidores\",\"description\":\"o hub dos investidores\",\"potentialAction\":[{\"@type\":\"SearchAction\",\"target\":{\"@type\":\"EntryPoint\",\"urlTemplate\":\"https:\/\/www.cordierinvestimentos.com.br\/blog\/?s={search_term_string}\"},\"query-input\":\"required name=search_term_string\"}],\"inLanguage\":\"pt-BR\"},{\"@type\":\"Person\",\"@id\":\"https:\/\/www.cordierinvestimentos.com.br\/blog\/#\/schema\/person\/e97e2fc818b5d2b7ead9a3085d09b9dd\",\"name\":\"Pablo Pi\u00f1uelo\",\"image\":{\"@type\":\"ImageObject\",\"inLanguage\":\"pt-BR\",\"@id\":\"https:\/\/www.cordierinvestimentos.com.br\/blog\/#\/schema\/person\/image\/\",\"url\":\"https:\/\/www.cordierinvestimentos.com.br\/blog\/wp-content\/uploads\/2025\/04\/Pablo-Pinuelo-150x150.png\",\"contentUrl\":\"https:\/\/www.cordierinvestimentos.com.br\/blog\/wp-content\/uploads\/2025\/04\/Pablo-Pinuelo-150x150.png\",\"caption\":\"Pablo Pi\u00f1uelo\"},\"description\":\"CEO e S\u00f3cio da Cordier e assessor credenciado ao BTG Pactual, Pablo Pi\u00f1uelo atua como refer\u00eancia em assessoria personalizada para investidores. Com s\u00f3lida forma\u00e7\u00e3o e viv\u00eancia no mercado financeiro, seus conte\u00fados refletem a experi\u00eancia pr\u00e1tica na constru\u00e7\u00e3o de carteiras robustas e alinhadas aos objetivos dos clientes.\",\"url\":\"https:\/\/www.cordierinvestimentos.com.br\/blog\/author\/pablo\/\"}]}<\/script>\n<!-- \/ Yoast SEO plugin. -->","yoast_head_json":{"title":"Interfer\u00eancias da pandemia no mercado financeiro mundial - Conte\u00fado para Investidores","robots":{"index":"index","follow":"follow","max-snippet":"max-snippet:-1","max-image-preview":"max-image-preview:large","max-video-preview":"max-video-preview:-1"},"canonical":"https:\/\/www.cordierinvestimentos.com.br\/blog\/semcategoria\/interferencias-da-pandemia-no-mercado-financeiro-mundial\/","og_locale":"pt_BR","og_type":"article","og_title":"Interfer\u00eancias da pandemia no mercado financeiro mundial - Conte\u00fado para Investidores","og_description":"Que a pandemia instaurada mundialmente, por conta da COVID-19, afetou a rotina do mercado e a evolu\u00e7\u00e3o de diversos neg\u00f3cios j\u00e1 em andamento, \u00e9 do conhecimento de todos. O cen\u00e1rio atual interfere em diferentes camadas de um mesmo ciclo, dos empreendedores aos investidores. Personas estas que usualmente caminham juntas rumo ao \u00eaxito, mas que tamb\u00e9m [&hellip;]","og_url":"https:\/\/www.cordierinvestimentos.com.br\/blog\/semcategoria\/interferencias-da-pandemia-no-mercado-financeiro-mundial\/","og_site_name":"Conte\u00fado para Investidores","article_published_time":"2020-07-17T14:22:13+00:00","author":"Pablo Pi\u00f1uelo","twitter_card":"summary_large_image","twitter_misc":{"Escrito por":"Pablo Pi\u00f1uelo","Est. tempo de leitura":"3 minutos"},"schema":{"@context":"https:\/\/schema.org","@graph":[{"@type":"WebPage","@id":"https:\/\/www.cordierinvestimentos.com.br\/blog\/semcategoria\/interferencias-da-pandemia-no-mercado-financeiro-mundial\/","url":"https:\/\/www.cordierinvestimentos.com.br\/blog\/semcategoria\/interferencias-da-pandemia-no-mercado-financeiro-mundial\/","name":"Interfer\u00eancias da pandemia no mercado financeiro mundial - Conte\u00fado para Investidores","isPartOf":{"@id":"https:\/\/www.cordierinvestimentos.com.br\/blog\/#website"},"datePublished":"2020-07-17T14:22:13+00:00","dateModified":"2020-07-17T14:22:13+00:00","author":{"@id":"https:\/\/www.cordierinvestimentos.com.br\/blog\/#\/schema\/person\/e97e2fc818b5d2b7ead9a3085d09b9dd"},"breadcrumb":{"@id":"https:\/\/www.cordierinvestimentos.com.br\/blog\/semcategoria\/interferencias-da-pandemia-no-mercado-financeiro-mundial\/#breadcrumb"},"inLanguage":"pt-BR","potentialAction":[{"@type":"ReadAction","target":["https:\/\/www.cordierinvestimentos.com.br\/blog\/semcategoria\/interferencias-da-pandemia-no-mercado-financeiro-mundial\/"]}]},{"@type":"BreadcrumbList","@id":"https:\/\/www.cordierinvestimentos.com.br\/blog\/semcategoria\/interferencias-da-pandemia-no-mercado-financeiro-mundial\/#breadcrumb","itemListElement":[{"@type":"ListItem","position":1,"name":"In\u00edcio","item":"https:\/\/www.cordierinvestimentos.com.br\/blog\/"},{"@type":"ListItem","position":2,"name":"Interfer\u00eancias da pandemia no mercado financeiro mundial"}]},{"@type":"WebSite","@id":"https:\/\/www.cordierinvestimentos.com.br\/blog\/#website","url":"https:\/\/www.cordierinvestimentos.com.br\/blog\/","name":"Conte\u00fado para Investidores","description":"o hub dos investidores","potentialAction":[{"@type":"SearchAction","target":{"@type":"EntryPoint","urlTemplate":"https:\/\/www.cordierinvestimentos.com.br\/blog\/?s={search_term_string}"},"query-input":"required name=search_term_string"}],"inLanguage":"pt-BR"},{"@type":"Person","@id":"https:\/\/www.cordierinvestimentos.com.br\/blog\/#\/schema\/person\/e97e2fc818b5d2b7ead9a3085d09b9dd","name":"Pablo Pi\u00f1uelo","image":{"@type":"ImageObject","inLanguage":"pt-BR","@id":"https:\/\/www.cordierinvestimentos.com.br\/blog\/#\/schema\/person\/image\/","url":"https:\/\/www.cordierinvestimentos.com.br\/blog\/wp-content\/uploads\/2025\/04\/Pablo-Pinuelo-150x150.png","contentUrl":"https:\/\/www.cordierinvestimentos.com.br\/blog\/wp-content\/uploads\/2025\/04\/Pablo-Pinuelo-150x150.png","caption":"Pablo Pi\u00f1uelo"},"description":"CEO e S\u00f3cio da Cordier e assessor credenciado ao BTG Pactual, Pablo Pi\u00f1uelo atua como refer\u00eancia em assessoria personalizada para investidores. Com s\u00f3lida forma\u00e7\u00e3o e viv\u00eancia no mercado financeiro, seus conte\u00fados refletem a experi\u00eancia pr\u00e1tica na constru\u00e7\u00e3o de carteiras robustas e alinhadas aos objetivos dos clientes.","url":"https:\/\/www.cordierinvestimentos.com.br\/blog\/author\/pablo\/"}]}},"_links":{"self":[{"href":"https:\/\/www.cordierinvestimentos.com.br\/blog\/wp-json\/wp\/v2\/posts\/698"}],"collection":[{"href":"https:\/\/www.cordierinvestimentos.com.br\/blog\/wp-json\/wp\/v2\/posts"}],"about":[{"href":"https:\/\/www.cordierinvestimentos.com.br\/blog\/wp-json\/wp\/v2\/types\/post"}],"author":[{"embeddable":true,"href":"https:\/\/www.cordierinvestimentos.com.br\/blog\/wp-json\/wp\/v2\/users\/2"}],"replies":[{"embeddable":true,"href":"https:\/\/www.cordierinvestimentos.com.br\/blog\/wp-json\/wp\/v2\/comments?post=698"}],"version-history":[{"count":0,"href":"https:\/\/www.cordierinvestimentos.com.br\/blog\/wp-json\/wp\/v2\/posts\/698\/revisions"}],"wp:featuredmedia":[{"embeddable":true,"href":"https:\/\/www.cordierinvestimentos.com.br\/blog\/wp-json\/"}],"wp:attachment":[{"href":"https:\/\/www.cordierinvestimentos.com.br\/blog\/wp-json\/wp\/v2\/media?parent=698"}],"wp:term":[{"taxonomy":"category","embeddable":true,"href":"https:\/\/www.cordierinvestimentos.com.br\/blog\/wp-json\/wp\/v2\/categories?post=698"},{"taxonomy":"post_tag","embeddable":true,"href":"https:\/\/www.cordierinvestimentos.com.br\/blog\/wp-json\/wp\/v2\/tags?post=698"}],"curies":[{"name":"wp","href":"https:\/\/api.w.org\/{rel}","templated":true}]}}